{"id":658,"date":"2016-06-15T08:50:57","date_gmt":"2016-06-15T13:50:57","guid":{"rendered":"http:\/\/fernandezdentaloffice.com\/sp\/?p=658"},"modified":"2016-06-15T08:50:57","modified_gmt":"2016-06-15T13:50:57","slug":"feliz-dia-del-padre","status":"publish","type":"post","link":"http:\/\/fernandezdentaloffice.com\/sp\/feliz-dia-del-padre\/","title":{"rendered":"Feliz Dia del Padre!"},"content":{"rendered":"<p>Padre Querido.<\/p>\n<p>Esa perfecta mezcla de autoridad y cari\u00f1o ha impregnado el amor que hoy te tengo. No existe adjetivaci\u00f3n precisa para agradecerte todo cuanto has hecho por mi educaci\u00f3n y mi futuro.<br \/>\nHas moldeado mi car\u00e1cter, mis pasos, mi integridad. He crecido bajo la sombra de tu ternura, tu bondad, la confidencia de tu palabra.<br \/>\nHace mucho dej\u00e9 mi infancia y sin embargo, nunca has dejado la paternidad.<br \/>\nHoy es un d\u00eda para agradecer toda tu devoci\u00f3n. <\/p>\n<p>Que seas mi padre me llena de orgullo, si t\u00fa est\u00e1s, se desvanecen todos mis miedos.<\/p>\n<p>Gracias pap\u00e1.<\/p>\n<p>Felicidades<\/p>\n","protected":false},"excerpt":{"rendered":"<p>Padre Querido. Esa perfecta mezcla de autoridad y cari\u00f1o ha impregnado el amor que hoy te tengo. No existe adjetivaci\u00f3n precisa para agradecerte todo cuanto has hecho por mi educaci\u00f3n y mi futuro. Has moldeado mi car\u00e1cter, mis pasos, mi integridad. He crecido bajo la sombra de tu ternura, tu bondad, la confidencia de tu [&hellip;]<\/p>\n","protected":false},"author":4,"featured_media":0,"comment_status":"open","ping_status":"open","sticky":false,"template":"","format":"video","meta":{"footnotes":""},"categories":[41],"tags":[],"class_list":["post-658","post","type-post","status-publish","format-video","hentry","category-videos","post_format-post-format-video"],"_links":{"self":[{"href":"http:\/\/fernandezdentaloffice.com\/sp\/wp-json\/wp\/v2\/posts\/658","targetHints":{"allow":["GET"]}}],"collection":[{"href":"http:\/\/fernandezdentaloffice.com\/sp\/wp-json\/wp\/v2\/posts"}],"about":[{"href":"http:\/\/fernandezdentaloffice.com\/sp\/wp-json\/wp\/v2\/types\/post"}],"author":[{"embeddable":true,"href":"http:\/\/fernandezdentaloffice.com\/sp\/wp-json\/wp\/v2\/users\/4"}],"replies":[{"embeddable":true,"href":"http:\/\/fernandezdentaloffice.com\/sp\/wp-json\/wp\/v2\/comments?post=658"}],"version-history":[{"count":1,"href":"http:\/\/fernandezdentaloffice.com\/sp\/wp-json\/wp\/v2\/posts\/658\/revisions"}],"predecessor-version":[{"id":659,"href":"http:\/\/fernandezdentaloffice.com\/sp\/wp-json\/wp\/v2\/posts\/658\/revisions\/659"}],"wp:attachment":[{"href":"http:\/\/fernandezdentaloffice.com\/sp\/wp-json\/wp\/v2\/media?parent=658"}],"wp:term":[{"taxonomy":"category","embeddable":true,"href":"http:\/\/fernandezdentaloffice.com\/sp\/wp-json\/wp\/v2\/categories?post=658"},{"taxonomy":"post_tag","embeddable":true,"href":"http:\/\/fernandezdentaloffice.com\/sp\/wp-json\/wp\/v2\/tags?post=658"}],"curies":[{"name":"wp","href":"https:\/\/api.w.org\/{rel}","templated":true}]}}